{"id":162,"date":"2009-05-10T21:59:55","date_gmt":"2009-05-10T19:59:55","guid":{"rendered":"http:\/\/blog.kgyt.eu\/hu\/?p=162"},"modified":"2014-08-19T03:05:31","modified_gmt":"2014-08-19T01:05:31","slug":"felelem","status":"publish","type":"post","link":"https:\/\/blog.kgyt.eu\/hu\/felelem\/","title":{"rendered":"F\u00e9lelem"},"content":{"rendered":"<p><q>A szeretetben nincs f\u00e9lelem, s\u0151t a teljes szeretet ki\u0171zi a f\u00e9lelmet; mert a f\u00e9lelem gy\u00f6trelemmel j\u00e1r, aki pedig f\u00e9l, nem lett t\u00f6k\u00e9letess\u00e9 a szeretetben.<\/q><br \/>\n1J\u00e1nos 4,18<\/p>\n<p>Nos, most ezt tanulom. Szeretek-e igaz\u00e1n. \u2026vagy csak sz\u00ednlelem? Az van, hogy vallanom kell\u2026 H\u00e1t nem t\u00f6k\u00e9letes bennem a szeretet. Bizony vannak f\u00e9lelmeim. Nem, most nem azt mondom, hogy f\u00e9lek. Pontosan azt mondom, amit \u00edrok: vannak f\u00e9lelmeim. Persze ezt lehet \u00fagy is \u00e9rteni, hogy f\u00e9lek\u2026 L\u00e9nyeg\u00e9ben tal\u00e1n igaz is. A l\u00e9nyeges k\u00fcl\u00f6nbs\u00e9g tal\u00e1n az a k\u00e9t megfogalmaz\u00e1s k\u00f6z\u00f6tt, hogy a l\u00e9temnek nem mozgat\u00f3ja a f\u00e9lelem \u00e9s nem is hat a mindennapjaimra. Ennek ellen\u00e9re be kell vallanom m\u00e9giscsak, hogy f\u00e9lek.<\/p>\n<h3>Hogy mit\u0151l f\u00e9lek?<\/h3>\n<p>F\u00e9lek att\u00f3l, hogy nem tudok az lenni, akinek lennem kell. Att\u00f3l nem f\u00e9lek, hogy meg\u00e1llom-e a helyemet a munk\u00e1ban, vagy a mindennapi kih\u00edv\u00e1sokban, ink\u00e1bb az okoz zavart bennem, hogy tudok-e j\u00f3 embert\u00e1rsa lenni azoknak, akiknek sz\u00fcks\u00e9ge van r\u00e1m. Tudok-e j\u00f3 f\u00e9rj, apa, <em>bar\u00e1t,<\/em> szomsz\u00e9d, munkat\u00e1rs, haver, vagy \u201emittom\u00e9nmi\u201d lenni\u2026 Ez nagyon neh\u00e9z\u2026 \u00e9s sokszor elsz\u00farom.<\/p>\n<h3>N\u00f6vekedni a szeretetben<\/h3>\n<p>T\u00f6k\u00e9letes, tudom, hogy nem leszek, mert csakis Isten t\u00f6k\u00e9letes. Mit tehetek? A szeret\u0151izmaimat meg kell edzeni! Van edz\u00e9stervem is\u2026 Att\u00f3l akarok tanulni, aki t\u00f6k\u00e9letesen szeret. \u00c9ppen ez\u00e9rt er\u0151s\u00edtek az \u00e9letm\u00f3domban a szeretet gyakorl\u00e1s\u00e1ban, az im\u00e1ban \u00e9s b\u00f6jtben. \u00daj szok\u00e1sokat akarok felvenni, pl. minden h\u00f3napban b\u00f6jtnapokat nevezek ki, t\u00f6bbet akarok tenni az emberek\u00e9rt\u2026 \u00c1ld\u00e1s akarok lenni a k\u00f6rnyezetem sz\u00e1m\u00e1ra. Azt akarom, hogy m\u00e1sok is \u00e9rezz\u00e9k ennek az \u00e9rtelm\u00e9t, \u00e9s ez\u00e9rt nagyon j\u00f3l akarom csin\u00e1lni.<\/p>\n<p><em style=\"color:silver;\">Ezt a bejegyz\u00e9st a m\u00e1kost\u00e9szta c\u00edm\u0171 blogomr\u00f3l helyeztem \u00e1t ide.<\/em><\/p>","protected":false},"excerpt":{"rendered":"<p>A szeretetben nincs f\u00e9lelem, s\u0151t a teljes szeretet ki\u0171zi a f\u00e9lelmet; mert a f\u00e9lelem gy\u00f6trelemmel j\u00e1r, aki pedig f\u00e9l, nem lett t\u00f6k\u00e9letess\u00e9 a szeretetben. 1J\u00e1nos 4,18 Nos, most ezt tanulom. Szeretek-e igaz\u00e1n. \u2026vagy csak sz\u00ednlelem? Az van, hogy vallanom kell\u2026 H\u00e1t nem t\u00f6k\u00e9letes bennem a szeretet. Bizony vannak f\u00e9lelmeim. Nem, most nem azt mondom, hogy [&hellip;]<\/p>\n","protected":false},"author":1,"featured_media":0,"comment_status":"open","ping_status":"open","sticky":false,"template":"","format":"standard","meta":{"jetpack_post_was_ever_published":false,"_jetpack_newsletter_access":"","_jetpack_dont_email_post_to_subs":false,"_jetpack_newsletter_tier_id":0,"_jetpack_memberships_contains_paywalled_content":false,"_jetpack_memberships_contains_paid_content":false,"footnotes":"","jetpack_publicize_message":"","jetpack_publicize_feature_enabled":true,"jetpack_social_post_already_shared":false,"jetpack_social_options":{"image_generator_settings":{"template":"highway","enabled":false},"version":2}},"categories":[17,6],"tags":[],"jetpack_publicize_connections":[],"jetpack_featured_media_url":"","jetpack_sharing_enabled":true,"jetpack_shortlink":"https:\/\/wp.me\/s7l1Cy-felelem","_links":{"self":[{"href":"https:\/\/blog.kgyt.eu\/hu\/wp-json\/wp\/v2\/posts\/162"}],"collection":[{"href":"https:\/\/blog.kgyt.eu\/hu\/wp-json\/wp\/v2\/posts"}],"about":[{"href":"https:\/\/blog.kgyt.eu\/hu\/wp-json\/wp\/v2\/types\/post"}],"author":[{"embeddable":true,"href":"https:\/\/blog.kgyt.eu\/hu\/wp-json\/wp\/v2\/users\/1"}],"replies":[{"embeddable":true,"href":"https:\/\/blog.kgyt.eu\/hu\/wp-json\/wp\/v2\/comments?post=162"}],"version-history":[{"count":0,"href":"https:\/\/blog.kgyt.eu\/hu\/wp-json\/wp\/v2\/posts\/162\/revisions"}],"wp:attachment":[{"href":"https:\/\/blog.kgyt.eu\/hu\/wp-json\/wp\/v2\/media?parent=162"}],"wp:term":[{"taxonomy":"category","embeddable":true,"href":"https:\/\/blog.kgyt.eu\/hu\/wp-json\/wp\/v2\/categories?post=162"},{"taxonomy":"post_tag","embeddable":true,"href":"https:\/\/blog.kgyt.eu\/hu\/wp-json\/wp\/v2\/tags?post=162"}],"curies":[{"name":"wp","href":"https:\/\/api.w.org\/{rel}","templated":true}]}}